{"id":1097,"date":"2024-03-26T16:05:48","date_gmt":"2024-03-26T15:05:48","guid":{"rendered":"https:\/\/psiqui.com\/blog\/?p=1097"},"modified":"2024-03-26T16:05:48","modified_gmt":"2024-03-26T15:05:48","slug":"no-se-que-hacer-con-mi-hijo-que-pasa-en-la-adolescencia","status":"publish","type":"post","link":"https:\/\/psiqui.com\/blog\/no-se-que-hacer-con-mi-hijo-que-pasa-en-la-adolescencia\/","title":{"rendered":"No s\u00e9 qu\u00e9 hacer con mi hijo \u00bfQu\u00e9 pasa en la adolescencia?"},"content":{"rendered":"\n<p>La adolescencia es una etapa de cambios y desaf\u00edos, tanto para los j\u00f3venes que la experimentan como para sus padres. Es com\u00fan que te encuentres pregunt\u00e1ndote: &#8220;No s\u00e9 qu\u00e9 hacer con mi hijo, \u00bfqu\u00e9 pasa en la adolescencia?&#8221; Es importante recordar que esta fase es un periodo de transici\u00f3n crucial en el desarrollo de tus hijos. Aqu\u00ed exploraremos algunas de las caracter\u00edsticas y desaf\u00edos t\u00edpicos de la adolescencia y c\u00f3mo puedes apoyar a tu hijo durante este proceso.<\/p>\n\n\n\n<h2 class=\"wp-block-heading has-medium-font-size\" style=\"text-decoration:underline\">1. Cambios f\u00edsicos y hormonales:<\/h2>\n\n\n\n<p>Durante la adolescencia, los adolescentes experimentan cambios f\u00edsicos significativos, como el crecimiento acelerado, el desarrollo sexual y cambios hormonales que pueden afectar su humor y comportamiento. Por ejemplo, pueden experimentar su primera menstruaci\u00f3n o un cambio en su tono de voz.<\/p>\n\n\n\n<h2 class=\"wp-block-heading has-medium-font-size\" style=\"text-decoration:underline\">2. B\u00fasqueda de identidad:<\/h2>\n\n\n\n<p>Los adolescentes tambi\u00e9n pueden enfrentar la b\u00fasqueda de su identidad, incluyendo la elecci\u00f3n de su identidad de g\u00e9nero y orientaci\u00f3n sexual. Algunos pueden estar seguros de su identidad desde una edad temprana, mientras que otros pueden explorar diferentes aspectos antes de sentirse c\u00f3modos con qui\u00e9nes son. La b\u00fasqueda de identidad tambi\u00e9n puede incluir identificarse con vigor a distintos tipos de m\u00fasica, equipos de deportes, grupos de amigos, modas, etc.<\/p>\n\n\n\n<h2 class=\"wp-block-heading has-medium-font-size\" style=\"text-decoration:underline\">3. Independencia y autonom\u00eda:<\/h2>\n\n\n\n<p>La adolescencia es un momento en el que los j\u00f3venes comienzan a buscar independencia y autonom\u00eda. A medida que fomentas su independencia, tambi\u00e9n es esencial establecer l\u00edmites claros que garanticen su seguridad y bienestar. Los adolescentes tienen dificultad para medir riesgos y consecuencias, por lo que debes acompa\u00f1arlos y decicidir sus responsabilidades en funci\u00f3n de su capacidad de cumplir con ellas.<\/p>\n\n\n\n<h2 class=\"wp-block-heading has-medium-font-size\" style=\"text-decoration:underline\">4. Cambios en las relaciones:<\/h2>\n\n\n\n<p>Las amistades y las relaciones amorosas pueden volverse m\u00e1s importantes para los adolescentes, a veces llev\u00e1ndolos a distanciarse emocionalmente de sus padres. Todos los j\u00f3venes y padres pasan por esto, no solo te sucede a t\u00ed. Si te preocupan las relaciones de tu hijo con amigos o parejas, intenta hablar con \u00e9l sobre tus inquietudes y ofr\u00e9cele apoyo emocional. Si crees que mantiene v\u00ednculos t\u00f3xicos o problem\u00e1ticos, consulta para obtener asesoramiento y saber c\u00f3mo ayudarlo.<\/p>\n\n\n\n<h2 class=\"wp-block-heading has-medium-font-size\" style=\"text-decoration:underline\">5. Desaf\u00edos emocionales:<\/h2>\n\n\n\n<p>La adolescencia puede ser un tiempo emocionalmente tumultuoso. Los cambios hormonales, las presiones acad\u00e9micas y sociales pueden desencadenar una amplia gama de emociones, como la tristeza, la ira o la ansiedad. Pueden ocurrir cambios en el rendimiento escolar, as\u00ed como repentina timidez, o cambios en los grupos de pares que alteran la rutina habitual de tu hijo.<\/p>\n\n\n\n<h2 class=\"wp-block-heading has-medium-font-size\" style=\"text-decoration:underline\">6. Comunicaci\u00f3n abierta:<\/h2>\n\n\n\n<p>Mantener l\u00edneas de comunicaci\u00f3n abiertas con tu hijo es esencial. Si tu hijo parece reacio a hablar contigo, intenta encontrar momentos adecuados para iniciar conversaciones y escucha sin juzgar. Si logras que se abra contigo, pero lo juzgas, ser\u00e1 menos probable que te busque para compartir lo que le sucede. Intenta ponerse en su lugar y ver las cosas desde la perspectiva de su edad y no de la tuya.<\/p>\n\n\n\n<h2 class=\"wp-block-heading has-medium-font-size\" style=\"text-decoration:underline\">7. Reconoce las se\u00f1ales de alerta:<\/h2>\n\n\n\n<p>Es importante estar atento a las se\u00f1ales de alerta de posibles problemas de salud mental, como cambios significativos en el comportamiento, aislamiento social, p\u00e9rdida de inter\u00e9s en actividades antes disfrutadas o manifestaciones frecuentes de irritabilidad. Si notas estas se\u00f1ales, u otras que llaman tu atenci\u00f3n, busca la ayuda de un profesional de la salud mental.<\/p>\n\n\n\n<p>En resumen, la adolescencia es una etapa de transformaci\u00f3n y crecimiento. Si bien puede ser desafiante para los padres, tambi\u00e9n es una oportunidad para fortalecer la relaci\u00f3n con tus hijos y apoyarlos en su camino hacia la adultez. Mant\u00e9n la comunicaci\u00f3n abierta, fomenta la independencia gradual, y ofrece amor y apoyo incondicional mientras tu hijo navega por esta emocionante pero turbulenta etapa de la vida. Recuerda que no est\u00e1s solo en esta traves\u00eda y que hay recursos y profesionales disponibles para ayudarte a ti y a tu hijo.<\/p>\n\n\n\n<p>En PSIQUI, entendemos las complejidades de la adolescencia y te ofrecemos apoyo psicol\u00f3gico. No dudes en contactarnos si necesitas orientaci\u00f3n o asesoramiento.<\/p>\n","protected":false},"excerpt":{"rendered":"<p>La adolescencia es una etapa de cambios y desaf\u00edos, tanto para los j\u00f3venes que la experimentan como para sus padres. Es com\u00fan que te encuentres pregunt\u00e1ndote: &#8220;No s\u00e9 qu\u00e9 hacer con mi hijo, \u00bfqu\u00e9 pasa en la adolescencia?&#8221; Es importante recordar que esta fase es un periodo de transici\u00f3n crucial en el desarrollo de tus &hellip;<\/p>\n<p class=\"read-more\"> <a class=\"\" href=\"https:\/\/psiqui.com\/blog\/no-se-que-hacer-con-mi-hijo-que-pasa-en-la-adolescencia\/\"> <span class=\"screen-reader-text\">No s\u00e9 qu\u00e9 hacer con mi hijo \u00bfQu\u00e9 pasa en la adolescencia?<\/span> Read More &raquo;<\/a><\/p>\n","protected":false},"author":1,"featured_media":1103,"comment_status":"closed","ping_status":"closed","sticky":false,"template":"","format":"standard","meta":{"site-sidebar-layout":"default","site-content-layout":"","ast-site-content-layout":"default","site-content-style":"default","site-sidebar-style":"default","ast-global-header-display":"","ast-banner-title-visibility":"","ast-main-header-display":"","ast-hfb-above-header-display":"","ast-hfb-below-header-display":"","ast-hfb-mobile-header-display":"","site-post-title":"","ast-breadcrumbs-content":"","ast-featured-img":"","footer-sml-layout":"","theme-transparent-header-meta":"","adv-header-id-meta":"","stick-header-meta":"","header-above-stick-meta":"","header-main-stick-meta":"","header-below-stick-meta":"","astra-migrate-meta-layouts":"set","ast-page-background-enabled":"default","ast-page-background-meta":{"desktop":{"background-color":"","background-image":"","background-repeat":"repeat","background-position":"center center","background-size":"auto","background-attachment":"scroll","background-type":"","background-media":"","overlay-type":"","overlay-color":"","overlay-gradient":""},"tablet":{"background-color":"","background-image":"","background-repeat":"repeat","background-position":"center center","background-size":"auto","background-attachment":"scroll","background-type":"","background-media":"","overlay-type":"","overlay-color":"","overlay-gradient":""},"mobile":{"background-color":"","background-image":"","background-repeat":"repeat","background-position":"center center","background-size":"auto","background-attachment":"scroll","background-type":"","background-media":"","overlay-type":"","overlay-color":"","overlay-gradient":""}},"ast-content-background-meta":{"desktop":{"background-color":"var(--ast-global-color-5)","background-image":"","background-repeat":"repeat","background-position":"center center","background-size":"auto","background-attachment":"scroll","background-type":"","background-media":"","overlay-type":"","overlay-color":"","overlay-gradient":""},"tablet":{"background-color":"var(--ast-global-color-5)","background-image":"","background-repeat":"repeat","background-position":"center center","background-size":"auto","background-attachment":"scroll","background-type":"","background-media":"","overlay-type":"","overlay-color":"","overlay-gradient":""},"mobile":{"background-color":"var(--ast-global-color-5)","background-image":"","background-repeat":"repeat","background-position":"center center","background-size":"auto","background-attachment":"scroll","background-type":"","background-media":"","overlay-type":"","overlay-color":"","overlay-gradient":""}},"footnotes":""},"categories":[25],"tags":[],"_links":{"self":[{"href":"https:\/\/psiqui.com\/blog\/wp-json\/wp\/v2\/posts\/1097"}],"collection":[{"href":"https:\/\/psiqui.com\/blog\/wp-json\/wp\/v2\/posts"}],"about":[{"href":"https:\/\/psiqui.com\/blog\/wp-json\/wp\/v2\/types\/post"}],"author":[{"embeddable":true,"href":"https:\/\/psiqui.com\/blog\/wp-json\/wp\/v2\/users\/1"}],"replies":[{"embeddable":true,"href":"https:\/\/psiqui.com\/blog\/wp-json\/wp\/v2\/comments?post=1097"}],"version-history":[{"count":5,"href":"https:\/\/psiqui.com\/blog\/wp-json\/wp\/v2\/posts\/1097\/revisions"}],"predecessor-version":[{"id":1102,"href":"https:\/\/psiqui.com\/blog\/wp-json\/wp\/v2\/posts\/1097\/revisions\/1102"}],"wp:featuredmedia":[{"embeddable":true,"href":"https:\/\/psiqui.com\/blog\/wp-json\/wp\/v2\/media\/1103"}],"wp:attachment":[{"href":"https:\/\/psiqui.com\/blog\/wp-json\/wp\/v2\/media?parent=1097"}],"wp:term":[{"taxonomy":"category","embeddable":true,"href":"https:\/\/psiqui.com\/blog\/wp-json\/wp\/v2\/categories?post=1097"},{"taxonomy":"post_tag","embeddable":true,"href":"https:\/\/psiqui.com\/blog\/wp-json\/wp\/v2\/tags?post=1097"}],"curies":[{"name":"wp","href":"https:\/\/api.w.org\/{rel}","templated":true}]}}