{"id":1059,"date":"2024-03-26T14:11:51","date_gmt":"2024-03-26T13:11:51","guid":{"rendered":"https:\/\/psiqui.com\/blog\/?p=1059"},"modified":"2024-03-26T14:30:44","modified_gmt":"2024-03-26T13:30:44","slug":"como-saber-si-tengo-trastorno-por-estres-postraumatico","status":"publish","type":"post","link":"https:\/\/psiqui.com\/blog\/como-saber-si-tengo-trastorno-por-estres-postraumatico\/","title":{"rendered":"\u00bfC\u00f3mo saber si tengo Trastorno por estr\u00e9s postraum\u00e1tico?"},"content":{"rendered":"\n<p>Vivir una experiencia traum\u00e1tica puede dejar una profunda huella en nuestra mente y cuerpo. Si te encuentras luchando con emociones intensas, recuerdos v\u00edvidos y un estado constante de alerta despu\u00e9s de haber experimentado un evento traum\u00e1tico, es posible que est\u00e9s enfrentando un Trastorno por Estr\u00e9s Postraum\u00e1tico (TEPT). En este art\u00edculo, exploraremos los signos y s\u00edntomas del TEPT, su impacto en la vida cotidiana y c\u00f3mo buscar apoyo terap\u00e9utico puede marcar la diferencia en tu proceso de recuperaci\u00f3n.<\/p>\n\n\n\n<h2 class=\"wp-block-heading has-medium-font-size\" style=\"text-decoration:underline\">\u00bfQu\u00e9 es el trastorno por estr\u00e9s postraum\u00e1tico?<\/h2>\n\n\n\n<p>El TEPT es una reacci\u00f3n psicol\u00f3gica a un evento traum\u00e1tico significativo. Puede manifestarse despu\u00e9s de haber vivido o presenciado situaciones que amenazaron tu vida o tu integridad f\u00edsica, as\u00ed como la de otras personas. Algunos ejemplos son accidentes graves, asaltos, abusos, desastres naturales o situaciones de combate. Los s\u00edntomas del TEPT pueden ser abrumadores y afectar tanto tu bienestar emocional como tu capacidad para funcionar en la vida diaria.<\/p>\n\n\n\n<h2 class=\"wp-block-heading has-medium-font-size\" style=\"text-decoration:underline\">Reconociendo los signos del TEPT<\/h2>\n\n\n\n<p>Los s\u00edntomas del TEPT pueden variar, pero a menudo incluyen recuerdos intrusivos y angustiantes del evento traum\u00e1tico (a veces en forma de im\u00e1genes) pesadillas recurrentes, evitaci\u00f3n de situaciones que recuerden el trauma, sentimientos de entumecimiento emocional (no sentir nada), hipervigilancia constante y reacciones exageradas de sobresalto ante eventos que no lo justifican. Adem\u00e1s, pueden surgir pensamientos negativos sobre uno mismo o el mundo, y la sensaci\u00f3n de estar desconectado de los dem\u00e1s. Adem\u00e1s, el TEPT puede afectar todos los aspectos de tu vida. Puedes sentir dificultades para concentrarte en tareas cotidianas, experimentar cambios en tus patrones de sue\u00f1o y alimentaci\u00f3n, y tener dificultades para establecer y mantener relaciones. La ansiedad y la angustia pueden volverse abrumadoras, llev\u00e1ndote a evitar lugares o situaciones que te recuerden el trauma. A medida que el TEPT afecta tu calidad de vida, es crucial buscar apoyo y tratamiento.<\/p>\n\n\n\n<h2 class=\"wp-block-heading has-medium-font-size\" style=\"text-decoration:underline\">La psicoterapia como aliada en la recuperaci\u00f3n<\/h2>\n\n\n\n<p>La psicoterapia es fundamental para abordar el TEPT de manera efectiva. Trabajar con un terapeuta capacitado en el tratamiento de trauma te brinda un espacio seguro para explorar tus experiencias y emociones. Existen m\u00faltiples enfoques terap\u00e9uticos que puedes elegir para abordar esta problem\u00e1tica, y que pueden ayudarte a reducir la ansiedad y volver a conectarte con tu vida.<\/p>\n\n\n\n<p>Si reconoces los s\u00edntomas del TEPT en ti mismo o en un ser querido, puedes buscar ayuda en PSIQUI. Nuestros terapeutas est\u00e1n capacitados para abordar el trauma y ayudarte a reconstruir una vida m\u00e1s saludable y equilibrada. No tienes que enfrentar el TEPT en soledad.<\/p>\n","protected":false},"excerpt":{"rendered":"<p>Vivir una experiencia traum\u00e1tica puede dejar una profunda huella en nuestra mente y cuerpo. Si te encuentras luchando con emociones intensas, recuerdos v\u00edvidos y un estado constante de alerta despu\u00e9s de haber experimentado un evento traum\u00e1tico, es posible que est\u00e9s enfrentando un Trastorno por Estr\u00e9s Postraum\u00e1tico (TEPT). En este art\u00edculo, exploraremos los signos y s\u00edntomas &hellip;<\/p>\n<p class=\"read-more\"> <a class=\"\" href=\"https:\/\/psiqui.com\/blog\/como-saber-si-tengo-trastorno-por-estres-postraumatico\/\"> <span class=\"screen-reader-text\">\u00bfC\u00f3mo saber si tengo Trastorno por estr\u00e9s postraum\u00e1tico?<\/span> Read More &raquo;<\/a><\/p>\n","protected":false},"author":1,"featured_media":1062,"comment_status":"closed","ping_status":"closed","sticky":false,"template":"","format":"standard","meta":{"site-sidebar-layout":"default","site-content-layout":"","ast-site-content-layout":"default","site-content-style":"default","site-sidebar-style":"default","ast-global-header-display":"","ast-banner-title-visibility":"","ast-main-header-display":"","ast-hfb-above-header-display":"","ast-hfb-below-header-display":"","ast-hfb-mobile-header-display":"","site-post-title":"","ast-breadcrumbs-content":"","ast-featured-img":"","footer-sml-layout":"","theme-transparent-header-meta":"","adv-header-id-meta":"","stick-header-meta":"","header-above-stick-meta":"","header-main-stick-meta":"","header-below-stick-meta":"","astra-migrate-meta-layouts":"set","ast-page-background-enabled":"default","ast-page-background-meta":{"desktop":{"background-color":"","background-image":"","background-repeat":"repeat","background-position":"center center","background-size":"auto","background-attachment":"scroll","background-type":"","background-media":"","overlay-type":"","overlay-color":"","overlay-gradient":""},"tablet":{"background-color":"","background-image":"","background-repeat":"repeat","background-position":"center center","background-size":"auto","background-attachment":"scroll","background-type":"","background-media":"","overlay-type":"","overlay-color":"","overlay-gradient":""},"mobile":{"background-color":"","background-image":"","background-repeat":"repeat","background-position":"center center","background-size":"auto","background-attachment":"scroll","background-type":"","background-media":"","overlay-type":"","overlay-color":"","overlay-gradient":""}},"ast-content-background-meta":{"desktop":{"background-color":"var(--ast-global-color-5)","background-image":"","background-repeat":"repeat","background-position":"center center","background-size":"auto","background-attachment":"scroll","background-type":"","background-media":"","overlay-type":"","overlay-color":"","overlay-gradient":""},"tablet":{"background-color":"var(--ast-global-color-5)","background-image":"","background-repeat":"repeat","background-position":"center center","background-size":"auto","background-attachment":"scroll","background-type":"","background-media":"","overlay-type":"","overlay-color":"","overlay-gradient":""},"mobile":{"background-color":"var(--ast-global-color-5)","background-image":"","background-repeat":"repeat","background-position":"center center","background-size":"auto","background-attachment":"scroll","background-type":"","background-media":"","overlay-type":"","overlay-color":"","overlay-gradient":""}},"footnotes":""},"categories":[23,16],"tags":[],"_links":{"self":[{"href":"https:\/\/psiqui.com\/blog\/wp-json\/wp\/v2\/posts\/1059"}],"collection":[{"href":"https:\/\/psiqui.com\/blog\/wp-json\/wp\/v2\/posts"}],"about":[{"href":"https:\/\/psiqui.com\/blog\/wp-json\/wp\/v2\/types\/post"}],"author":[{"embeddable":true,"href":"https:\/\/psiqui.com\/blog\/wp-json\/wp\/v2\/users\/1"}],"replies":[{"embeddable":true,"href":"https:\/\/psiqui.com\/blog\/wp-json\/wp\/v2\/comments?post=1059"}],"version-history":[{"count":3,"href":"https:\/\/psiqui.com\/blog\/wp-json\/wp\/v2\/posts\/1059\/revisions"}],"predecessor-version":[{"id":1063,"href":"https:\/\/psiqui.com\/blog\/wp-json\/wp\/v2\/posts\/1059\/revisions\/1063"}],"wp:featuredmedia":[{"embeddable":true,"href":"https:\/\/psiqui.com\/blog\/wp-json\/wp\/v2\/media\/1062"}],"wp:attachment":[{"href":"https:\/\/psiqui.com\/blog\/wp-json\/wp\/v2\/media?parent=1059"}],"wp:term":[{"taxonomy":"category","embeddable":true,"href":"https:\/\/psiqui.com\/blog\/wp-json\/wp\/v2\/categories?post=1059"},{"taxonomy":"post_tag","embeddable":true,"href":"https:\/\/psiqui.com\/blog\/wp-json\/wp\/v2\/tags?post=1059"}],"curies":[{"name":"wp","href":"https:\/\/api.w.org\/{rel}","templated":true}]}}